{"id":592,"date":"2016-12-03T20:00:35","date_gmt":"2016-12-03T20:00:35","guid":{"rendered":"http:\/\/rgawke.de\/mactwo\/?p=592"},"modified":"2021-10-21T20:57:38","modified_gmt":"2021-10-21T20:57:38","slug":"weihnachtsmarkt-weiskirchen-es-war-kalt","status":"publish","type":"post","link":"http:\/\/rgawke.de\/mactwo\/?p=592","title":{"rendered":"Weihnachtsmarkt Weiskirchen &#8211; Es war kalt&#8230;"},"content":{"rendered":"<p>&#8230; richtig kalt! Und wenn ICH das sage, will das etwas hei\u00dfen.<br \/>\nNicht, dass die Temperatur massiv unter 0 gefallen w\u00e4re &#8211; es war halt ein eisiger Wind. Ich hab dann 3x an meinem Outfit nach- gebessert (siehe die Bilder in der ersten Reihe).\u00a0 So oft zieh ich mich sogar bei Gala-Veranstaltungen nicht um. \ud83d\ude42<br \/>\n<!--more--><a href=\"http:\/\/rgawke.de\/mactwo\/wp-content\/uploads\/2016\/12\/Beitrag_2016_12_03_Collage.jpg\"><img loading=\"lazy\" decoding=\"async\" class=\"alignnone size-full wp-image-594\" src=\"http:\/\/rgawke.de\/mactwo\/wp-content\/uploads\/2016\/12\/Beitrag_2016_12_03_Collage.jpg\" alt=\"beitrag_2016_12_03_collage\" width=\"3999\" height=\"1811\" srcset=\"http:\/\/rgawke.de\/mactwo\/wp-content\/uploads\/2016\/12\/Beitrag_2016_12_03_Collage.jpg 3999w, http:\/\/rgawke.de\/mactwo\/wp-content\/uploads\/2016\/12\/Beitrag_2016_12_03_Collage-300x136.jpg 300w, http:\/\/rgawke.de\/mactwo\/wp-content\/uploads\/2016\/12\/Beitrag_2016_12_03_Collage-768x348.jpg 768w, http:\/\/rgawke.de\/mactwo\/wp-content\/uploads\/2016\/12\/Beitrag_2016_12_03_Collage-1024x464.jpg 1024w\" sizes=\"auto, (max-width: 3999px) 100vw, 3999px\" \/><\/a><\/p>\n<p>Der Veranstaltung kam das aber sogar entgegen. Zum Weihnachstmarkt geh\u00f6rt halt ein wenig &#8222;kalt&#8220; und der Gl\u00fchwein schmeckt in kurzen Hosen halt nicht so lecker, wie im dicken Parka.<br \/>\n(gibt\u00b4s solche Dinger au\u00dfer bei der Bundeswehr eigentlich \u00fcberhaupt noch?)<\/p>\n<p>Die B\u00fchne wurde selbst beschallt. Den Rest des Festes hatte Firma Schalldruck fest im Griff. Es ist schon fast ein Familientreffen, wenn ich die \u00fcblichen Beschaller auf den Stamm-Veranstaltungen wiedersehe. Auch der Plausch mit dem Veranstalter und den Stammg\u00e4sten geh\u00f6ren hier zum Fest dazu. Man f\u00fchlt sich einmal mehr &#8222;daheim&#8220;&#8230;<\/p>\n<p>Die Abordnung &#8222;Quellblech&#8220; vom Konfelder Musikverein (meiner Meinung nach, eine der besten Bl\u00e4sergruppen im Umkreis) stelle erneut den Anheizer. Und sonst&#8230; Wie zu erwarten lief technisch ohnehin alles rund, das nochmal erweitertes Weihnachstprogramm kam gut an und es blieb nur, dem Wind auf der etwas zugigen B\u00fchne zu trotzen.<\/p>\n<p>https:\/\/youtu.be\/jt0Rj08e7dY<\/p>\n<p><iframe loading=\"lazy\" title=\"&quot;Driving home for Christmas&quot; - Cover by Felini-Duo\" width=\"474\" height=\"267\" src=\"https:\/\/www.youtube.com\/embed\/8lYmoDm6Jwo?feature=oembed\" frameborder=\"0\" allow=\"accelerometer; autoplay; clipboard-write; encrypted-media; gyroscope; picture-in-picture; web-share\" referrerpolicy=\"strict-origin-when-cross-origin\" allowfullscreen><\/iframe><\/p>\n<p>Daf\u00fcr wurde ich aber auch mit hausgemachtem Gl\u00fchwein belohnt, den die Damen vom Gl\u00fchweinstand bei dieser Veranstaltung immer morgens frisch aufsetzen.<\/p>\n<p>Wie erwartet bleibt dann auch der Wanderpokal f\u00fcr den besten Gl\u00fchwein auf meiner Dezembertour erstmal erneut in Weiskirchen. Da war nichts zu sauer, zu fad oder sonstwie geschmacklos. M\u00e4dels &#8211; we love you! Aber meine Weihnachtsmarkttour geht ja bald in die R\u00fcckrunde und SLS, HOM und SB k\u00f6nnten noch nachlegen&#8230;<\/p>\n<p>Dann also erstmal n\u00e4chste Woche nochmal nach SLS,<br \/>\nwo die B\u00fchne ja gegen Seitenwind gesichert ist<br \/>\n\ud83d\ude09<\/p>\n","protected":false},"excerpt":{"rendered":"<p>&#8230; richtig kalt! Und wenn ICH das sage, will das etwas hei\u00dfen. Nicht, dass die Temperatur massiv unter 0 gefallen w\u00e4re &#8211; es war halt ein eisiger Wind. Ich hab dann 3x an meinem Outfit nach- gebessert (siehe die Bilder in der ersten Reihe).\u00a0 So oft zieh ich mich sogar bei Gala-Veranstaltungen nicht um. \ud83d\ude42<\/p>\n","protected":false},"author":1,"featured_media":593,"comment_status":"closed","ping_status":"closed","sticky":false,"template":"","format":"image","meta":{"footnotes":""},"categories":[6],"tags":[],"class_list":["post-592","post","type-post","status-publish","format-image","has-post-thumbnail","hentry","category-onstage","post_format-post-format-image"],"_links":{"self":[{"href":"http:\/\/rgawke.de\/mactwo\/index.php?rest_route=\/wp\/v2\/posts\/592","targetHints":{"allow":["GET"]}}],"collection":[{"href":"http:\/\/rgawke.de\/mactwo\/index.php?rest_route=\/wp\/v2\/posts"}],"about":[{"href":"http:\/\/rgawke.de\/mactwo\/index.php?rest_route=\/wp\/v2\/types\/post"}],"author":[{"embeddable":true,"href":"http:\/\/rgawke.de\/mactwo\/index.php?rest_route=\/wp\/v2\/users\/1"}],"replies":[{"embeddable":true,"href":"http:\/\/rgawke.de\/mactwo\/index.php?rest_route=%2Fwp%2Fv2%2Fcomments&post=592"}],"version-history":[{"count":8,"href":"http:\/\/rgawke.de\/mactwo\/index.php?rest_route=\/wp\/v2\/posts\/592\/revisions"}],"predecessor-version":[{"id":775,"href":"http:\/\/rgawke.de\/mactwo\/index.php?rest_route=\/wp\/v2\/posts\/592\/revisions\/775"}],"wp:featuredmedia":[{"embeddable":true,"href":"http:\/\/rgawke.de\/mactwo\/index.php?rest_route=\/wp\/v2\/media\/593"}],"wp:attachment":[{"href":"http:\/\/rgawke.de\/mactwo\/index.php?rest_route=%2Fwp%2Fv2%2Fmedia&parent=592"}],"wp:term":[{"taxonomy":"category","embeddable":true,"href":"http:\/\/rgawke.de\/mactwo\/index.php?rest_route=%2Fwp%2Fv2%2Fcategories&post=592"},{"taxonomy":"post_tag","embeddable":true,"href":"http:\/\/rgawke.de\/mactwo\/index.php?rest_route=%2Fwp%2Fv2%2Ftags&post=592"}],"curies":[{"name":"wp","href":"https:\/\/api.w.org\/{rel}","templated":true}]}}