{"id":517,"date":"1994-07-01T20:00:43","date_gmt":"1994-07-01T20:00:43","guid":{"rendered":"http:\/\/rgawke.de\/mactwo\/?p=517"},"modified":"2021-10-21T20:57:38","modified_gmt":"2021-10-21T20:57:38","slug":"the-class","status":"publish","type":"post","link":"http:\/\/rgawke.de\/mactwo\/?p=517","title":{"rendered":"The Class&#8230;"},"content":{"rendered":"<p>Auf der Suche nach einer sinnvollen Freizeitbesch\u00e4ftigung kam ich in den fr\u00fchen 90ern an eine Truppe &#8222;Class of 89&#8220;, deren Frontman\/S\u00e4nger Uwe P. gerade auf dem abspringenden Ast war, um mit den &#8222;Racers&#8220; durchzustarten. Dank nahezu gleichartiger Statur, wenn auch mit mehr Focus auf Melodief\u00fchrung als Druck in der Stimme, fand ich mich in dieser Position schnell zurecht.<\/p>\n<p><!--more--><\/p>\n<p><a href=\"http:\/\/rgawke.de\/mactwo\/wp-content\/uploads\/1994\/07\/Class_Collage.jpg\"><img loading=\"lazy\" decoding=\"async\" class=\"alignnone size-full wp-image-524\" src=\"http:\/\/rgawke.de\/mactwo\/wp-content\/uploads\/1994\/07\/Class_Collage.jpg\" alt=\"class_collage\" width=\"1800\" height=\"1365\" srcset=\"http:\/\/rgawke.de\/mactwo\/wp-content\/uploads\/1994\/07\/Class_Collage.jpg 1800w, http:\/\/rgawke.de\/mactwo\/wp-content\/uploads\/1994\/07\/Class_Collage-300x228.jpg 300w, http:\/\/rgawke.de\/mactwo\/wp-content\/uploads\/1994\/07\/Class_Collage-768x582.jpg 768w, http:\/\/rgawke.de\/mactwo\/wp-content\/uploads\/1994\/07\/Class_Collage-1024x777.jpg 1024w\" sizes=\"auto, (max-width: 1800px) 100vw, 1800px\" \/><\/a><\/p>\n<p>Signifikant war, dass unser musikalischer Geschmack in die gleichen Richtungen tendierte. Kurzerhand in &#8222;The Class&#8220; umbenannt, hatten wir ein paar echt gute Auftritte mit hoher musikalischer Qualit\u00e4t! Da machte jeder Titel Laune! Eddi und G\u00fcnther legten hierbei jeden Chorteppich und \u00fcberhaupt &#8211; es war nur geil. Das Ende kam leider und famili\u00e4r bedingt. Aber ich w\u00fcrde heute sofort wieder mit den Jungs da weitermachen, wo wir aufgeh\u00f6rt haben&#8230; \ud83d\ude42 Damals mit Peter J. an der Gitarre, Eddi S. Gitarre\/Vocals, G\u00fcnther F. Keyboards\/Vocals, Bernd F. am Bass und Harry D. am Schlagzeug.<\/p>\n<p><iframe loading=\"lazy\" title=\"&quot;The Class&quot; - feat. Mac on Vocals - Live in Wahlen Anfang der 90er\" width=\"474\" height=\"356\" src=\"https:\/\/www.youtube.com\/embed\/NBTxFbz6Pio?feature=oembed\" frameborder=\"0\" allow=\"accelerometer; autoplay; clipboard-write; encrypted-media; gyroscope; picture-in-picture; web-share\" referrerpolicy=\"strict-origin-when-cross-origin\" allowfullscreen><\/iframe><\/p>\n","protected":false},"excerpt":{"rendered":"<p>Auf der Suche nach einer sinnvollen Freizeitbesch\u00e4ftigung kam ich in den fr\u00fchen 90ern an eine Truppe &#8222;Class of 89&#8220;, deren Frontman\/S\u00e4nger Uwe P. gerade auf dem abspringenden Ast war, um mit den &#8222;Racers&#8220; durchzustarten. Dank nahezu gleichartiger Statur, wenn auch mit mehr Focus auf Melodief\u00fchrung als Druck in der Stimme, fand ich mich in dieser &hellip; <a href=\"http:\/\/rgawke.de\/mactwo\/?p=517\" class=\"more-link\"><span class=\"screen-reader-text\">The Class&#8230;<\/span> weiterlesen <span class=\"meta-nav\">&rarr;<\/span><\/a><\/p>\n","protected":false},"author":1,"featured_media":521,"comment_status":"closed","ping_status":"closed","sticky":false,"template":"","format":"image","meta":{"footnotes":""},"categories":[9],"tags":[],"class_list":["post-517","post","type-post","status-publish","format-image","has-post-thumbnail","hentry","category-irgendwann-im-letzten-jahrtausend","post_format-post-format-image"],"_links":{"self":[{"href":"http:\/\/rgawke.de\/mactwo\/index.php?rest_route=\/wp\/v2\/posts\/517","targetHints":{"allow":["GET"]}}],"collection":[{"href":"http:\/\/rgawke.de\/mactwo\/index.php?rest_route=\/wp\/v2\/posts"}],"about":[{"href":"http:\/\/rgawke.de\/mactwo\/index.php?rest_route=\/wp\/v2\/types\/post"}],"author":[{"embeddable":true,"href":"http:\/\/rgawke.de\/mactwo\/index.php?rest_route=\/wp\/v2\/users\/1"}],"replies":[{"embeddable":true,"href":"http:\/\/rgawke.de\/mactwo\/index.php?rest_route=%2Fwp%2Fv2%2Fcomments&post=517"}],"version-history":[{"count":11,"href":"http:\/\/rgawke.de\/mactwo\/index.php?rest_route=\/wp\/v2\/posts\/517\/revisions"}],"predecessor-version":[{"id":875,"href":"http:\/\/rgawke.de\/mactwo\/index.php?rest_route=\/wp\/v2\/posts\/517\/revisions\/875"}],"wp:featuredmedia":[{"embeddable":true,"href":"http:\/\/rgawke.de\/mactwo\/index.php?rest_route=\/wp\/v2\/media\/521"}],"wp:attachment":[{"href":"http:\/\/rgawke.de\/mactwo\/index.php?rest_route=%2Fwp%2Fv2%2Fmedia&parent=517"}],"wp:term":[{"taxonomy":"category","embeddable":true,"href":"http:\/\/rgawke.de\/mactwo\/index.php?rest_route=%2Fwp%2Fv2%2Fcategories&post=517"},{"taxonomy":"post_tag","embeddable":true,"href":"http:\/\/rgawke.de\/mactwo\/index.php?rest_route=%2Fwp%2Fv2%2Ftags&post=517"}],"curies":[{"name":"wp","href":"https:\/\/api.w.org\/{rel}","templated":true}]}}