{"id":2535,"date":"2020-08-22T20:00:12","date_gmt":"2020-08-22T20:00:12","guid":{"rendered":"http:\/\/rgawke.de\/mactwo\/?p=2535"},"modified":"2024-08-12T07:30:47","modified_gmt":"2024-08-12T07:30:47","slug":"my-sharona","status":"publish","type":"post","link":"http:\/\/rgawke.de\/mactwo\/?p=2535","title":{"rendered":"My Sharona&#8230;"},"content":{"rendered":"<p>&#8230; also hier &#8222;my Corona&#8220;&#8230; Mitten in der Pandemie und gerade auch nur, weil Petras Geburtstag drau\u00dfen stattfindet und deshalb zul\u00e4ssig war, k\u00f6nnen Ralf und ich im Duo BlackandWhite endlich mal wieder von der Leine gelassen werden&#8230;<\/p>\n<p>Dabei entschieden wir uns zwar f\u00fcr ein Konzert im Sitzen, was aber nicht bedeutet, dass das Porgramm sich nicht zum Abfeiern entwickeln konnte&#8230; Alle Gute Petra! <em>(Danke an Oli f\u00fcr das sch\u00f6ne Foto)<\/em><\/p>\n","protected":false},"excerpt":{"rendered":"<p>&#8230; also hier &#8222;my Corona&#8220;&#8230; Mitten in der Pandemie und gerade auch nur, weil Petras Geburtstag drau\u00dfen stattfindet und deshalb zul\u00e4ssig war, k\u00f6nnen Ralf und ich im Duo BlackandWhite endlich mal wieder von der Leine gelassen werden&#8230; Dabei entschieden wir uns zwar f\u00fcr ein Konzert im Sitzen, was aber nicht bedeutet, dass das Porgramm sich &hellip; <a href=\"http:\/\/rgawke.de\/mactwo\/?p=2535\" class=\"more-link\"><span class=\"screen-reader-text\">My Sharona&#8230;<\/span> weiterlesen <span class=\"meta-nav\">&rarr;<\/span><\/a><\/p>\n","protected":false},"author":1,"featured_media":2536,"comment_status":"closed","ping_status":"closed","sticky":false,"template":"","format":"image","meta":{"footnotes":""},"categories":[6],"tags":[],"class_list":["post-2535","post","type-post","status-publish","format-image","has-post-thumbnail","hentry","category-onstage","post_format-post-format-image"],"_links":{"self":[{"href":"http:\/\/rgawke.de\/mactwo\/index.php?rest_route=\/wp\/v2\/posts\/2535","targetHints":{"allow":["GET"]}}],"collection":[{"href":"http:\/\/rgawke.de\/mactwo\/index.php?rest_route=\/wp\/v2\/posts"}],"about":[{"href":"http:\/\/rgawke.de\/mactwo\/index.php?rest_route=\/wp\/v2\/types\/post"}],"author":[{"embeddable":true,"href":"http:\/\/rgawke.de\/mactwo\/index.php?rest_route=\/wp\/v2\/users\/1"}],"replies":[{"embeddable":true,"href":"http:\/\/rgawke.de\/mactwo\/index.php?rest_route=%2Fwp%2Fv2%2Fcomments&post=2535"}],"version-history":[{"count":2,"href":"http:\/\/rgawke.de\/mactwo\/index.php?rest_route=\/wp\/v2\/posts\/2535\/revisions"}],"predecessor-version":[{"id":2538,"href":"http:\/\/rgawke.de\/mactwo\/index.php?rest_route=\/wp\/v2\/posts\/2535\/revisions\/2538"}],"wp:featuredmedia":[{"embeddable":true,"href":"http:\/\/rgawke.de\/mactwo\/index.php?rest_route=\/wp\/v2\/media\/2536"}],"wp:attachment":[{"href":"http:\/\/rgawke.de\/mactwo\/index.php?rest_route=%2Fwp%2Fv2%2Fmedia&parent=2535"}],"wp:term":[{"taxonomy":"category","embeddable":true,"href":"http:\/\/rgawke.de\/mactwo\/index.php?rest_route=%2Fwp%2Fv2%2Fcategories&post=2535"},{"taxonomy":"post_tag","embeddable":true,"href":"http:\/\/rgawke.de\/mactwo\/index.php?rest_route=%2Fwp%2Fv2%2Ftags&post=2535"}],"curies":[{"name":"wp","href":"https:\/\/api.w.org\/{rel}","templated":true}]}}