{"id":248,"date":"2015-07-12T09:56:56","date_gmt":"2015-07-12T09:56:56","guid":{"rendered":"http:\/\/rgawke.de\/mactwo\/?p=248"},"modified":"2022-06-01T22:13:56","modified_gmt":"2022-06-01T22:13:56","slug":"afterburner","status":"publish","type":"post","link":"http:\/\/rgawke.de\/mactwo\/?p=248","title":{"rendered":"Afterburner&#8230;"},"content":{"rendered":"<p>&#8230; und weil\u00b4s mit der Fellini Band so sch\u00f6n war, schieb ich noch einen Nachmittag mit dem Fellini Duo hinterher. In kleiner Besetzung war die Publikumsanbindung st\u00e4rker und der Gig erwies sich nicht nur als verl\u00e4ngerten Arm des Vorabends. Es war vielmehr eine &#8222;famili\u00e4re&#8220; Veranstaltung mit den \u00dcberrothern&#8230;<br \/>\n<!--more--><br \/>\n<a href=\"http:\/\/rgawke.de\/mactwo\/wp-content\/uploads\/2015\/07\/20150712_Bild.jpg\"><img loading=\"lazy\" decoding=\"async\" class=\"alignnone size-full wp-image-1681\" src=\"http:\/\/rgawke.de\/mactwo\/wp-content\/uploads\/2015\/07\/20150712_Bild.jpg\" alt=\"\" width=\"3888\" height=\"2592\" srcset=\"http:\/\/rgawke.de\/mactwo\/wp-content\/uploads\/2015\/07\/20150712_Bild.jpg 3888w, http:\/\/rgawke.de\/mactwo\/wp-content\/uploads\/2015\/07\/20150712_Bild-300x200.jpg 300w, http:\/\/rgawke.de\/mactwo\/wp-content\/uploads\/2015\/07\/20150712_Bild-768x512.jpg 768w, http:\/\/rgawke.de\/mactwo\/wp-content\/uploads\/2015\/07\/20150712_Bild-1024x683.jpg 1024w\" sizes=\"auto, (max-width: 3888px) 100vw, 3888px\" \/><\/a><\/p>\n<p>Da an diesem Abend auch noch ein Fu\u00dfball Endspiel \u00fcbertragen wurde,\u00a0 war das deutsch-italienische Duo vollkommen ausreichend, eine kleine Untermalung der Stand- und Budenaktivit\u00e4ten. Es war &#8211; wie immer- schwierig, die sich bei Einbruch der Dunkelheit ver\u00e4ndernden Beschallungsbedingungen anzugleichen, aber dennoch und auch trotz kurzen Regenschauern, hatte die Clique doch ihren (Fu\u00dfball) Spa\u00df&#8230;<\/p>\n","protected":false},"excerpt":{"rendered":"<p>&#8230; und weil\u00b4s mit der Fellini Band so sch\u00f6n war, schieb ich noch einen Nachmittag mit dem Fellini Duo hinterher. In kleiner Besetzung war die Publikumsanbindung st\u00e4rker und der Gig erwies sich nicht nur als verl\u00e4ngerten Arm des Vorabends. Es war vielmehr eine &#8222;famili\u00e4re&#8220; Veranstaltung mit den \u00dcberrothern&#8230;<\/p>\n","protected":false},"author":1,"featured_media":250,"comment_status":"closed","ping_status":"closed","sticky":false,"template":"","format":"image","meta":{"footnotes":""},"categories":[6],"tags":[],"class_list":["post-248","post","type-post","status-publish","format-image","has-post-thumbnail","hentry","category-onstage","post_format-post-format-image"],"_links":{"self":[{"href":"http:\/\/rgawke.de\/mactwo\/index.php?rest_route=\/wp\/v2\/posts\/248","targetHints":{"allow":["GET"]}}],"collection":[{"href":"http:\/\/rgawke.de\/mactwo\/index.php?rest_route=\/wp\/v2\/posts"}],"about":[{"href":"http:\/\/rgawke.de\/mactwo\/index.php?rest_route=\/wp\/v2\/types\/post"}],"author":[{"embeddable":true,"href":"http:\/\/rgawke.de\/mactwo\/index.php?rest_route=\/wp\/v2\/users\/1"}],"replies":[{"embeddable":true,"href":"http:\/\/rgawke.de\/mactwo\/index.php?rest_route=%2Fwp%2Fv2%2Fcomments&post=248"}],"version-history":[{"count":7,"href":"http:\/\/rgawke.de\/mactwo\/index.php?rest_route=\/wp\/v2\/posts\/248\/revisions"}],"predecessor-version":[{"id":2374,"href":"http:\/\/rgawke.de\/mactwo\/index.php?rest_route=\/wp\/v2\/posts\/248\/revisions\/2374"}],"wp:featuredmedia":[{"embeddable":true,"href":"http:\/\/rgawke.de\/mactwo\/index.php?rest_route=\/wp\/v2\/media\/250"}],"wp:attachment":[{"href":"http:\/\/rgawke.de\/mactwo\/index.php?rest_route=%2Fwp%2Fv2%2Fmedia&parent=248"}],"wp:term":[{"taxonomy":"category","embeddable":true,"href":"http:\/\/rgawke.de\/mactwo\/index.php?rest_route=%2Fwp%2Fv2%2Fcategories&post=248"},{"taxonomy":"post_tag","embeddable":true,"href":"http:\/\/rgawke.de\/mactwo\/index.php?rest_route=%2Fwp%2Fv2%2Ftags&post=248"}],"curies":[{"name":"wp","href":"https:\/\/api.w.org\/{rel}","templated":true}]}}