{"id":216,"date":"2016-08-30T12:00:41","date_gmt":"2016-08-30T12:00:41","guid":{"rendered":"http:\/\/rgawke.de\/mactwo\/?p=216"},"modified":"2023-03-17T18:11:30","modified_gmt":"2023-03-17T18:11:30","slug":"noch-juenger","status":"publish","type":"post","link":"http:\/\/rgawke.de\/mactwo\/?p=216","title":{"rendered":"&#8230; noch j\u00fcnger&#8230;"},"content":{"rendered":"<p>Verloren geglaubte Zeitdokus&#8230; Das Ereignis poste ich heute, weil ich das Bild grad bekommen hab, aber die Situation ist aus den sp\u00e4ten 70ern&#8230; Somit ist meine Theorie, dass ich erst in den 80ern onstage ging, widerlegt&#8230;<\/p>\n<p>Christian J. hat sein Archiv aufger\u00e4umt und doch noch Dokumente von unserem glorreichen ersten Auftritt gefunden.<br \/>\n<a href=\"http:\/\/rgawke.de\/mactwo\/wp-content\/uploads\/2016\/10\/smilie-2-daumen-thats-top.gif\"><img loading=\"lazy\" decoding=\"async\" class=\"alignnone size-full wp-image-217\" src=\"http:\/\/rgawke.de\/mactwo\/wp-content\/uploads\/2016\/10\/smilie-2-daumen-thats-top.gif\" alt=\"smilie-2-daumen-thats-top\" width=\"34\" height=\"20\" \/><\/a><\/p>\n<p><!--more--><\/p>\n<p><span style=\"color: #000000;\">Nun &#8211; eigentlich will ich nicht jammern, von wegen dass die gute alte Zeit so sch\u00f6n gewesen sei, aber als Musiker war man in der pre- Tonkorrektur-, Talentshows-, mp3- oder Midi-\u00c4ra noch deutlich anerkannter. Die Feten hatten noch weniger &#8222;ich-geh-mit-meinen-Sorgen-zu-einer Veranstaltung&#8220;-Charakter, sondern mehr &#8222;Lasst-uns-einfach-feiern&#8220; Stimmung und gingen deutlich l\u00e4nger&#8230;<\/span><\/p>\n<p>Okay &#8211; der Konsum an alkoholischen Getr\u00e4nken war damals schon Mode, aber nicht vielerorts so extrem in &#8222;ich-muss-noch fahren&#8220; und &#8222;Komasaufen&#8220; getrennt, wie heute. Die Aufnahme von Nikotin als Gast oder Musiker war bei den Veranstaltungen dieser Zeit allerdings auch nicht von schlechten Eltern&#8230;<\/p>\n<p>Jedenfalls hab ich mit Karl und Ralf von BlackandWhite die Szene heute &#8211; fast 40 Jahre sp\u00e4ter &#8211; mal am gleichen Ort nachgestellt&#8230; Find ich stark:<br \/>\n<a href=\"http:\/\/rgawke.de\/mactwo\/wp-content\/uploads\/2016\/10\/Timewarp.jpg\"><img loading=\"lazy\" decoding=\"async\" class=\"alignnone size-full wp-image-218\" src=\"http:\/\/rgawke.de\/mactwo\/wp-content\/uploads\/2016\/10\/Timewarp.jpg\" alt=\"timewarp\" width=\"1800\" height=\"539\" srcset=\"http:\/\/rgawke.de\/mactwo\/wp-content\/uploads\/2016\/10\/Timewarp.jpg 1800w, http:\/\/rgawke.de\/mactwo\/wp-content\/uploads\/2016\/10\/Timewarp-300x90.jpg 300w, http:\/\/rgawke.de\/mactwo\/wp-content\/uploads\/2016\/10\/Timewarp-768x230.jpg 768w, http:\/\/rgawke.de\/mactwo\/wp-content\/uploads\/2016\/10\/Timewarp-1024x307.jpg 1024w\" sizes=\"auto, (max-width: 1800px) 100vw, 1800px\" \/><\/a><\/p>\n<p>An dieser Stelle steht unser immerw\u00e4hrender Dank ans rote Kreuz, die uns damals f\u00fcr unsere gro\u00dfen Veranstaltungen mit der Dynacord-PA ausgeholfen haben. Diesen alten Eminent-Verst\u00e4rker wird immer als Urvater dieser Ger\u00e4tegattung in meinem Ged\u00e4chnis bleiben&#8230;<\/p>\n<p><span style=\"color: #800000;\"><strong>****************************************************************************************************************************************************<\/strong><\/span><\/p>\n","protected":false},"excerpt":{"rendered":"<p>Verloren geglaubte Zeitdokus&#8230; Das Ereignis poste ich heute, weil ich das Bild grad bekommen hab, aber die Situation ist aus den sp\u00e4ten 70ern&#8230; Somit ist meine Theorie, dass ich erst in den 80ern onstage ging, widerlegt&#8230; Christian J. hat sein Archiv aufger\u00e4umt und doch noch Dokumente von unserem glorreichen ersten Auftritt gefunden.<\/p>\n","protected":false},"author":1,"featured_media":219,"comment_status":"closed","ping_status":"closed","sticky":false,"template":"","format":"image","meta":{"footnotes":""},"categories":[9],"tags":[],"class_list":["post-216","post","type-post","status-publish","format-image","has-post-thumbnail","hentry","category-irgendwann-im-letzten-jahrtausend","post_format-post-format-image"],"_links":{"self":[{"href":"http:\/\/rgawke.de\/mactwo\/index.php?rest_route=\/wp\/v2\/posts\/216","targetHints":{"allow":["GET"]}}],"collection":[{"href":"http:\/\/rgawke.de\/mactwo\/index.php?rest_route=\/wp\/v2\/posts"}],"about":[{"href":"http:\/\/rgawke.de\/mactwo\/index.php?rest_route=\/wp\/v2\/types\/post"}],"author":[{"embeddable":true,"href":"http:\/\/rgawke.de\/mactwo\/index.php?rest_route=\/wp\/v2\/users\/1"}],"replies":[{"embeddable":true,"href":"http:\/\/rgawke.de\/mactwo\/index.php?rest_route=%2Fwp%2Fv2%2Fcomments&post=216"}],"version-history":[{"count":12,"href":"http:\/\/rgawke.de\/mactwo\/index.php?rest_route=\/wp\/v2\/posts\/216\/revisions"}],"predecessor-version":[{"id":2556,"href":"http:\/\/rgawke.de\/mactwo\/index.php?rest_route=\/wp\/v2\/posts\/216\/revisions\/2556"}],"wp:featuredmedia":[{"embeddable":true,"href":"http:\/\/rgawke.de\/mactwo\/index.php?rest_route=\/wp\/v2\/media\/219"}],"wp:attachment":[{"href":"http:\/\/rgawke.de\/mactwo\/index.php?rest_route=%2Fwp%2Fv2%2Fmedia&parent=216"}],"wp:term":[{"taxonomy":"category","embeddable":true,"href":"http:\/\/rgawke.de\/mactwo\/index.php?rest_route=%2Fwp%2Fv2%2Fcategories&post=216"},{"taxonomy":"post_tag","embeddable":true,"href":"http:\/\/rgawke.de\/mactwo\/index.php?rest_route=%2Fwp%2Fv2%2Ftags&post=216"}],"curies":[{"name":"wp","href":"https:\/\/api.w.org\/{rel}","templated":true}]}}