{"id":1688,"date":"2013-07-23T20:00:19","date_gmt":"2013-07-23T20:00:19","guid":{"rendered":"http:\/\/rgawke.de\/mactwo\/?p=1688"},"modified":"2021-10-21T20:57:38","modified_gmt":"2021-10-21T20:57:38","slug":"ueberroth-dorffest-back-to-life","status":"publish","type":"post","link":"http:\/\/rgawke.de\/mactwo\/?p=1688","title":{"rendered":"\u00dcberroth Dorffest &#8211; Back to life&#8230;"},"content":{"rendered":"<p>Es war nicht mehr und nicht weniger als der definitive B\u00fchnenfunktionstest des Mac nach\u00a0 diversen Modifikationen an der eigenen Hardware und damit nicht nur der erste Einsatz seit \u00fcber einem halben Jahr, sondern eben auch ein f\u00fcr mich sehr markanter Gig innerhalb meinem musikalischen Tuns oder gar in meinem Leben&#8230;<br \/>\n<!--more--><\/p>\n<p>Ich hatte dabei schon etwas Bammel, dass ich den Abend so verschwommen wie in diesem Bild wahrnehmen w\u00fcrde:<br \/>\n<a href=\"http:\/\/rgawke.de\/mactwo\/wp-content\/uploads\/2018\/06\/2013_07_23_Bild.jpg\"><img loading=\"lazy\" decoding=\"async\" class=\"alignnone size-full wp-image-1692\" src=\"http:\/\/rgawke.de\/mactwo\/wp-content\/uploads\/2018\/06\/2013_07_23_Bild.jpg\" alt=\"\" width=\"3888\" height=\"2592\" srcset=\"http:\/\/rgawke.de\/mactwo\/wp-content\/uploads\/2018\/06\/2013_07_23_Bild.jpg 3888w, http:\/\/rgawke.de\/mactwo\/wp-content\/uploads\/2018\/06\/2013_07_23_Bild-300x200.jpg 300w, http:\/\/rgawke.de\/mactwo\/wp-content\/uploads\/2018\/06\/2013_07_23_Bild-768x512.jpg 768w, http:\/\/rgawke.de\/mactwo\/wp-content\/uploads\/2018\/06\/2013_07_23_Bild-1024x683.jpg 1024w\" sizes=\"auto, (max-width: 3888px) 100vw, 3888px\" \/><\/a><\/p>\n<p>Meine bessere H\u00e4lfte hatte mir sogar eine Begleitung zur Seite gestellt, die meine &#8222;Funktionen&#8220; \u00fcberwachen und an &#8222;die Zentrale&#8220; melden musste &#8211; aber unn\u00f6tig: die &#8222;Maschine&#8220; lief rund bis auf ein paar Stimmkratzer, die aber nur Nachwehen vom Tubus waren <em>(Nachtrag: erst bis Mitte 2016 werden sie fast ganz weg sein&#8230;)<\/em><\/p>\n<p>Die Truppe um &#8222;Paul-rockt&#8220; mit J\u00f6rg &#8222;Nero&#8220; F., Rico G., Marc-Oli R. und Klaus-Peter &#8222;Linus&#8220; L. war hier in ihrer Bl\u00fctephase und wir hatten echt viel Fun auf der B\u00fchne. Das doch eher Rock-orientierte Programm wurde um ein paar bekannte Hits mit Pop-Einschlag erweitert, aber im Gro\u00dfen und Ganzen war das Programm klar Classic-Rock orientiert und enthielt auch die meisten unserer bew\u00e4hrten und geliebten Klassiker.<\/p>\n<p>Der Beschaller hatte neben dem kleinen HK-Premium System einen hochwertigen Mixer mit direct-to-usb Recording am Start und die Aufnahmen spiegeln die Spielfreude (und die Abmischung) in recht guter Qualit\u00e4t wieder. Es reichte, um daraus 3 Cds zu machen &#8211; hier ein Beispiel mit dem allerersten Song im Soundcheck (noch in kurzer Hose) und im rough Mix von &#8222;Peter Gunn&#8220;:<br \/>\n<a href=\"http:\/\/rgawke.de\/mactwo\/wp-content\/uploads\/2018\/06\/2013_07_23_Bild2.jpg\"><img loading=\"lazy\" decoding=\"async\" class=\"alignnone size-full wp-image-1693\" src=\"http:\/\/rgawke.de\/mactwo\/wp-content\/uploads\/2018\/06\/2013_07_23_Bild2.jpg\" alt=\"\" width=\"730\" height=\"364\" srcset=\"http:\/\/rgawke.de\/mactwo\/wp-content\/uploads\/2018\/06\/2013_07_23_Bild2.jpg 730w, http:\/\/rgawke.de\/mactwo\/wp-content\/uploads\/2018\/06\/2013_07_23_Bild2-300x150.jpg 300w\" sizes=\"auto, (max-width: 730px) 100vw, 730px\" \/><\/a><\/p>\n<!--[if lt IE 9]><script>document.createElement('audio');<\/script><![endif]-->\n<audio class=\"wp-audio-shortcode\" id=\"audio-1688-1\" preload=\"none\" style=\"width: 100%;\" controls=\"controls\"><source type=\"audio\/mpeg\" src=\"http:\/\/rgawke.de\/mactwo\/wp-content\/uploads\/2018\/06\/102_Peter-Gunn_-_Paul-rockt-Live-Cover.mp3?_=1\" \/><a href=\"http:\/\/rgawke.de\/mactwo\/wp-content\/uploads\/2018\/06\/102_Peter-Gunn_-_Paul-rockt-Live-Cover.mp3\">http:\/\/rgawke.de\/mactwo\/wp-content\/uploads\/2018\/06\/102_Peter-Gunn_-_Paul-rockt-Live-Cover.mp3<\/a><\/audio>\n<p>Zus\u00e4tzlich hatte &#8222;die Begeitperson&#8220; ja zwei H\u00e4nde frei gehabt und konnte so mit der (alten) Cam noch ein paar Mitschnitte einfangen, deren digitale \u00dcberf\u00fchrung ins youtube-Format allerdings nicht so einfach war &#8211; entweder das Bild ist breit (vielleicht war das aber auch einfach unsere Figur) oder der Ton ist zu mies. Diese Videoschnitt- und Vertonungsgeschichte braucht viel Zeit &#8211; irgendwann hab ich\u00b4s einfach so gelassen. Hier aber mal ein Ergebnis mit Jumping jack Flash und Nero am Gesang:<\/p>\n<p><iframe loading=\"lazy\" title=\"Jumping Jack flash (Live Cover) - Paul rockt Cover-Band (Lead Vocals: Nero)\" width=\"474\" height=\"267\" src=\"https:\/\/www.youtube.com\/embed\/luZFu7Gf__8?start=87&#038;feature=oembed\" frameborder=\"0\" allow=\"accelerometer; autoplay; clipboard-write; encrypted-media; gyroscope; picture-in-picture; web-share\" referrerpolicy=\"strict-origin-when-cross-origin\" allowfullscreen><\/iframe><\/p>\n<p>(Dar\u00fcber hinaus hab ich auch Material dieses Gigs mit Originalton f\u00fcr unser kleines Musiksommervideo verwendet:)<\/p>\n<p><iframe loading=\"lazy\" title=\"Paul rockt im Sommer 2013\" width=\"474\" height=\"267\" src=\"https:\/\/www.youtube.com\/embed\/rOolZ1q7IeM?feature=oembed\" frameborder=\"0\" allow=\"accelerometer; autoplay; clipboard-write; encrypted-media; gyroscope; picture-in-picture; web-share\" referrerpolicy=\"strict-origin-when-cross-origin\" allowfullscreen><\/iframe><\/p>\n<p>Dabei fing die gute Laune schon beim Aufbau an. Ich hatte mein Rig ja komplett ver\u00e4ndert, um Anlagengewicht zu reduzieren und meinen Brustkorb zu entlasten &#8211; das Set hat die Feuerpr\u00fcfung bestanden, auch wenn mit die Hammertastatur irgendwo fehlt. Trotz der Invalidenambitionen waren aber alle Sounds &#8222;like Mac&#8220; und die Kollegen als auch der Beschaller waren mit gutem Material vor Ort. Wir waren fr\u00fch genug dran, um mit dem Veranstalter noch ein wenig \u00fcber alte Zeiten zu quatschen und ein oder zwei Bierchen zum Aufbau gab es dann auch noch.<br \/>\n<a href=\"http:\/\/rgawke.de\/mactwo\/wp-content\/uploads\/2018\/06\/2013_07_23_Collage1-.jpg\"><img loading=\"lazy\" decoding=\"async\" class=\"alignnone size-full wp-image-1690\" src=\"http:\/\/rgawke.de\/mactwo\/wp-content\/uploads\/2018\/06\/2013_07_23_Collage1-.jpg\" alt=\"\" width=\"4000\" height=\"2825\" srcset=\"http:\/\/rgawke.de\/mactwo\/wp-content\/uploads\/2018\/06\/2013_07_23_Collage1-.jpg 4000w, http:\/\/rgawke.de\/mactwo\/wp-content\/uploads\/2018\/06\/2013_07_23_Collage1--300x212.jpg 300w, http:\/\/rgawke.de\/mactwo\/wp-content\/uploads\/2018\/06\/2013_07_23_Collage1--768x542.jpg 768w, http:\/\/rgawke.de\/mactwo\/wp-content\/uploads\/2018\/06\/2013_07_23_Collage1--1024x723.jpg 1024w\" sizes=\"auto, (max-width: 4000px) 100vw, 4000px\" \/><\/a><\/p>\n<p>Nach den \u00fcblichen Begr\u00fcssungen und Standard-Prozeduren eines lokalen Dorffestes, spielten wir nach Setliste. Die Veranstaltung f\u00fchrt den Gast rund um einen kleinen Weiher und so kam dann auch jeder mindestens einmal an der B\u00fchne vorbei. Klar &#8211; wir waren als Classic-Rock Band etwas einseitig im Programm, aber genau das kam an und neben ein paar T\u00e4nzern hatten wir auch immer ein beeindrucktes Publikum vor der B\u00fchne, denn soviel ist gestern, heute und morgen wohl klar: diese Musiker sind durchaus sehr verschieden, aber sie verbindet etwas und aus dieser Mischung von Unterschieden und Gemeinsamkeiten entsteht in der Schnittmenge echt gute Musik!<br \/>\n<a href=\"http:\/\/rgawke.de\/mactwo\/wp-content\/uploads\/2018\/06\/2013_07_23_Collage2-.jpg\"><img loading=\"lazy\" decoding=\"async\" class=\"alignnone size-full wp-image-1696\" src=\"http:\/\/rgawke.de\/mactwo\/wp-content\/uploads\/2018\/06\/2013_07_23_Collage2-.jpg\" alt=\"\" width=\"3000\" height=\"3618\" srcset=\"http:\/\/rgawke.de\/mactwo\/wp-content\/uploads\/2018\/06\/2013_07_23_Collage2-.jpg 3000w, http:\/\/rgawke.de\/mactwo\/wp-content\/uploads\/2018\/06\/2013_07_23_Collage2--249x300.jpg 249w, http:\/\/rgawke.de\/mactwo\/wp-content\/uploads\/2018\/06\/2013_07_23_Collage2--768x926.jpg 768w, http:\/\/rgawke.de\/mactwo\/wp-content\/uploads\/2018\/06\/2013_07_23_Collage2--849x1024.jpg 849w\" sizes=\"auto, (max-width: 3000px) 100vw, 3000px\" \/><\/a><\/p>\n<p>Dabei stand ich nat\u00fcrlich unter Strom, denn ich h\u00e4tte auch die Konsequenzen ziehen m\u00fcssen, wenn das hier gesundheitlich nicht so gut gelaufen w\u00e4re. Aber im Gegenteil &#8211; ich war am Mikro und an der Schweineorgel wie losgelassen. Dank Beschaller am Mixer vor Ort war denn auch der Einbruch der Dunkelheit mit ver\u00e4nderter Luftfeuchte kein Soundproblem. Einzigst die Gelenkprobleme des Bassisten &#8222;Linus&#8220; tr\u00fcbten das gute Feeling etwas, aber bis zum Kurparkfest kann er sich ja ein wenig erholen&#8230;<\/p>\n<p><a href=\"http:\/\/rgawke.de\/mactwo\/wp-content\/uploads\/2013\/07\/2013_07_23_Collage3-.jpg\"><img loading=\"lazy\" decoding=\"async\" class=\"alignnone size-full wp-image-1722\" src=\"http:\/\/rgawke.de\/mactwo\/wp-content\/uploads\/2013\/07\/2013_07_23_Collage3-.jpg\" alt=\"\" width=\"3600\" height=\"3889\" srcset=\"http:\/\/rgawke.de\/mactwo\/wp-content\/uploads\/2013\/07\/2013_07_23_Collage3-.jpg 3600w, http:\/\/rgawke.de\/mactwo\/wp-content\/uploads\/2013\/07\/2013_07_23_Collage3--278x300.jpg 278w, http:\/\/rgawke.de\/mactwo\/wp-content\/uploads\/2013\/07\/2013_07_23_Collage3--768x830.jpg 768w, http:\/\/rgawke.de\/mactwo\/wp-content\/uploads\/2013\/07\/2013_07_23_Collage3--948x1024.jpg 948w\" sizes=\"auto, (max-width: 3600px) 100vw, 3600px\" \/><\/a><\/p>\n<p>Ja&#8230; Ein f\u00fcr mich sehr bewegender Abend, der wohl zum l\u00e4ngsten aller Blog-Eintr\u00e4ge gef\u00fchrt hat. Aber \u00dcberleben ist halt ne tolle Sache und wenn man dann auch noch von \u00dcberstehen reden kann, schm\u00fcckt man das Event gerne etwas aus&#8230;<br \/>\n\ud83d\ude42<\/p>\n<p>&nbsp;<\/p>\n","protected":false},"excerpt":{"rendered":"<p>Es war nicht mehr und nicht weniger als der definitive B\u00fchnenfunktionstest des Mac nach\u00a0 diversen Modifikationen an der eigenen Hardware und damit nicht nur der erste Einsatz seit \u00fcber einem halben Jahr, sondern eben auch ein f\u00fcr mich sehr markanter Gig innerhalb meinem musikalischen Tuns oder gar in meinem Leben&#8230;<\/p>\n","protected":false},"author":1,"featured_media":1689,"comment_status":"closed","ping_status":"closed","sticky":false,"template":"","format":"image","meta":{"footnotes":""},"categories":[6],"tags":[],"class_list":["post-1688","post","type-post","status-publish","format-image","has-post-thumbnail","hentry","category-onstage","post_format-post-format-image"],"_links":{"self":[{"href":"http:\/\/rgawke.de\/mactwo\/index.php?rest_route=\/wp\/v2\/posts\/1688","targetHints":{"allow":["GET"]}}],"collection":[{"href":"http:\/\/rgawke.de\/mactwo\/index.php?rest_route=\/wp\/v2\/posts"}],"about":[{"href":"http:\/\/rgawke.de\/mactwo\/index.php?rest_route=\/wp\/v2\/types\/post"}],"author":[{"embeddable":true,"href":"http:\/\/rgawke.de\/mactwo\/index.php?rest_route=\/wp\/v2\/users\/1"}],"replies":[{"embeddable":true,"href":"http:\/\/rgawke.de\/mactwo\/index.php?rest_route=%2Fwp%2Fv2%2Fcomments&post=1688"}],"version-history":[{"count":10,"href":"http:\/\/rgawke.de\/mactwo\/index.php?rest_route=\/wp\/v2\/posts\/1688\/revisions"}],"predecessor-version":[{"id":1746,"href":"http:\/\/rgawke.de\/mactwo\/index.php?rest_route=\/wp\/v2\/posts\/1688\/revisions\/1746"}],"wp:featuredmedia":[{"embeddable":true,"href":"http:\/\/rgawke.de\/mactwo\/index.php?rest_route=\/wp\/v2\/media\/1689"}],"wp:attachment":[{"href":"http:\/\/rgawke.de\/mactwo\/index.php?rest_route=%2Fwp%2Fv2%2Fmedia&parent=1688"}],"wp:term":[{"taxonomy":"category","embeddable":true,"href":"http:\/\/rgawke.de\/mactwo\/index.php?rest_route=%2Fwp%2Fv2%2Fcategories&post=1688"},{"taxonomy":"post_tag","embeddable":true,"href":"http:\/\/rgawke.de\/mactwo\/index.php?rest_route=%2Fwp%2Fv2%2Ftags&post=1688"}],"curies":[{"name":"wp","href":"https:\/\/api.w.org\/{rel}","templated":true}]}}