{"id":1519,"date":"2018-01-01T00:00:45","date_gmt":"2018-01-01T00:00:45","guid":{"rendered":"http:\/\/rgawke.de\/mactwo\/?p=1519"},"modified":"2021-10-21T20:57:37","modified_gmt":"2021-10-21T20:57:37","slug":"beschlossene-sache-das-trio-tinitus","status":"publish","type":"post","link":"http:\/\/rgawke.de\/mactwo\/?p=1519","title":{"rendered":"Beschlossene Sache&#8230; Das &#8222;Trio&#8220; Tinitus"},"content":{"rendered":"<p>Patrick B.`s Partner ist also tats\u00e4chlich erkrankt und f\u00e4llt f\u00fcr die gesamte Fastnacht aus. Um so eine Karnevals-Session mit Herz, Seele und karnevalistischem Gesp\u00fcr durchzuziehen braucht es aber Musiker, die sich uneingeschr\u00e4nkt aufeinander verlassen k\u00f6nnen. So kam es, dass ich mich f\u00fcr diese Saison mit Patrick zusammengetan habe, damit das Duo Tinitus auch in kommenden Jahren immer noch einen klingenden Namen bei der Frage nach der richtigen Umrahmung karnevalistischer Veranstaltungen im Raum Merzig hat.<!--more--><\/p>\n<p>Dabei habe ich vor Jahren umgekehrt auch einst Patrick vertreten und bin mit seinem Kompagnon J\u00f6rg auf Tour gegangen, als Patrick gesundheitlich ausfiel. Und wieder ein paar Jahre fr\u00fcher sind die Beiden f\u00fcr mich eingesprungen, als ich \u00fcber die Faasend ein paar Monate wegen k\u00f6rperlicher Modifikationen offline sein musste. So sind unsere Veranstalter bei uns offenbar immer auf der sichern Seite.<\/p>\n<p>Eine Hand w\u00e4scht also die andere und ich bin pl\u00f6tzlich tempor\u00e4r im Duo Tinitus unterwegs&#8230;<\/p>\n<p>Dabei hab ich jetzt doch Einiges bis Aschermittwoch zu absolvieren und danach stehen auch schon dei Obertaler mit ihrer italienischen Nacht in Wartestellung &#8211; das werden 2 harte Monate&#8230;<\/p>\n<p>Nicht zuletzt deshalb und auch wegen der beachtlichen Gr\u00f6\u00dfe der Veranstaltungen haben Patrick und ich uns gedacht, dass der gute Ralf H. als dritter Mann eine gute Unterst\u00fctzung und Bereichung sein k\u00f6nnte. So wird es jetzt kommen, dass im Fr\u00fchjahr 2018 aus dem urspr\u00fcnglichen Duo Tinitus mit Patrick und J\u00f6rg stellenweise ein Trio Tinitus mit Patrick, Mac und Ralf wird&#8230;<\/p>\n","protected":false},"excerpt":{"rendered":"<p>Patrick B.`s Partner ist also tats\u00e4chlich erkrankt und f\u00e4llt f\u00fcr die gesamte Fastnacht aus. Um so eine Karnevals-Session mit Herz, Seele und karnevalistischem Gesp\u00fcr durchzuziehen braucht es aber Musiker, die sich uneingeschr\u00e4nkt aufeinander verlassen k\u00f6nnen. So kam es, dass ich mich f\u00fcr diese Saison mit Patrick zusammengetan habe, damit das Duo Tinitus auch in kommenden &hellip; <a href=\"http:\/\/rgawke.de\/mactwo\/?p=1519\" class=\"more-link\"><span class=\"screen-reader-text\">Beschlossene Sache&#8230; Das &#8222;Trio&#8220; Tinitus<\/span> weiterlesen <span class=\"meta-nav\">&rarr;<\/span><\/a><\/p>\n","protected":false},"author":1,"featured_media":1520,"comment_status":"closed","ping_status":"closed","sticky":false,"template":"","format":"image","meta":{"footnotes":""},"categories":[15],"tags":[],"class_list":["post-1519","post","type-post","status-publish","format-image","has-post-thumbnail","hentry","category-offstage","post_format-post-format-image"],"_links":{"self":[{"href":"http:\/\/rgawke.de\/mactwo\/index.php?rest_route=\/wp\/v2\/posts\/1519","targetHints":{"allow":["GET"]}}],"collection":[{"href":"http:\/\/rgawke.de\/mactwo\/index.php?rest_route=\/wp\/v2\/posts"}],"about":[{"href":"http:\/\/rgawke.de\/mactwo\/index.php?rest_route=\/wp\/v2\/types\/post"}],"author":[{"embeddable":true,"href":"http:\/\/rgawke.de\/mactwo\/index.php?rest_route=\/wp\/v2\/users\/1"}],"replies":[{"embeddable":true,"href":"http:\/\/rgawke.de\/mactwo\/index.php?rest_route=%2Fwp%2Fv2%2Fcomments&post=1519"}],"version-history":[{"count":7,"href":"http:\/\/rgawke.de\/mactwo\/index.php?rest_route=\/wp\/v2\/posts\/1519\/revisions"}],"predecessor-version":[{"id":1527,"href":"http:\/\/rgawke.de\/mactwo\/index.php?rest_route=\/wp\/v2\/posts\/1519\/revisions\/1527"}],"wp:featuredmedia":[{"embeddable":true,"href":"http:\/\/rgawke.de\/mactwo\/index.php?rest_route=\/wp\/v2\/media\/1520"}],"wp:attachment":[{"href":"http:\/\/rgawke.de\/mactwo\/index.php?rest_route=%2Fwp%2Fv2%2Fmedia&parent=1519"}],"wp:term":[{"taxonomy":"category","embeddable":true,"href":"http:\/\/rgawke.de\/mactwo\/index.php?rest_route=%2Fwp%2Fv2%2Fcategories&post=1519"},{"taxonomy":"post_tag","embeddable":true,"href":"http:\/\/rgawke.de\/mactwo\/index.php?rest_route=%2Fwp%2Fv2%2Ftags&post=1519"}],"curies":[{"name":"wp","href":"https:\/\/api.w.org\/{rel}","templated":true}]}}