{"id":1480,"date":"2018-02-08T15:00:36","date_gmt":"2018-02-08T15:00:36","guid":{"rendered":"http:\/\/rgawke.de\/mactwo\/?p=1480"},"modified":"2021-10-21T20:57:37","modified_gmt":"2021-10-21T20:57:37","slug":"das-glaub-ich-erst-wenn-ichs-sehe","status":"publish","type":"post","link":"http:\/\/rgawke.de\/mactwo\/?p=1480","title":{"rendered":"Dillinger Faasendumzug &#8211; Und das glaub ich erst, wenn ich`s sehe&#8230;"},"content":{"rendered":"<p>&#8230; dass der gute alte Karsten Otto mich am Gleisdreieck n\u00e4chsten Fasching alleine stehen l\u00e4\u00dft. Zumindest hat er angek\u00fcndigt, den Ritterorden derer &#8222;zum-Am-Gleisdreieck&#8220; im n\u00e4chsten Jahr aus organisatorischen Gr\u00fcnden nicht mehr beizuwohnen. Ich dachte immer, diese Veranstaltung w\u00fcrde auf Lebzeit uns Dreien geh\u00f6ren, jetzt wo wir das schon im 11ten Jahr beim Dillinger Umzug so auf die B\u00fchne bringen&#8230;<br \/>\n<!--more--><br \/>\nZum Dillinger Umzug moderiert doch immer der gute Karsten am Gleisdreieck, wo Vanni und Mac vor Eintreffen des Umzuges das n\u00e4rrische Volk mal bei mehr oder weniger angenehmen Temperaturen beschallen und anheizen. Nach 10 Jahren m\u00fcsste man auf diese Veranstaltung fast ein Gewohnheitsrecht haben&#8230;<br \/>\n<a href=\"http:\/\/rgawke.de\/mactwo\/wp-content\/uploads\/2018\/05\/20180208_Collage.jpg\"><img loading=\"lazy\" decoding=\"async\" class=\"alignnone size-full wp-image-1481\" src=\"http:\/\/rgawke.de\/mactwo\/wp-content\/uploads\/2018\/05\/20180208_Collage.jpg\" alt=\"\" width=\"3999\" height=\"1579\" srcset=\"http:\/\/rgawke.de\/mactwo\/wp-content\/uploads\/2018\/05\/20180208_Collage.jpg 3999w, http:\/\/rgawke.de\/mactwo\/wp-content\/uploads\/2018\/05\/20180208_Collage-300x118.jpg 300w, http:\/\/rgawke.de\/mactwo\/wp-content\/uploads\/2018\/05\/20180208_Collage-768x303.jpg 768w, http:\/\/rgawke.de\/mactwo\/wp-content\/uploads\/2018\/05\/20180208_Collage-1024x404.jpg 1024w\" sizes=\"auto, (max-width: 3999px) 100vw, 3999px\" \/><\/a><\/p>\n<p>Jedenfalls waren alle Musikerfreunde wie in jedem Jahr am Start und sogar Karl, Georg und Arthur haben es mal wieder geschafft &#8211; Familientreffen halt und noch viele andre Bekannte mehr.<\/p>\n<p>Karsten hat mal wieder sein Faible f\u00fcr Aluminiumkonfettie ausgelebt und die B\u00fchne, die Autos und die Instrumente sollten noch einige Tage vom Treiben beim Dillinger Umzug erz\u00e4hlen&#8230;<br \/>\n<a href=\"http:\/\/rgawke.de\/mactwo\/wp-content\/uploads\/2018\/05\/20180208_Bild.jpg\"><img loading=\"lazy\" decoding=\"async\" class=\"alignnone size-full wp-image-1482\" src=\"http:\/\/rgawke.de\/mactwo\/wp-content\/uploads\/2018\/05\/20180208_Bild.jpg\" alt=\"\" width=\"1800\" height=\"858\" srcset=\"http:\/\/rgawke.de\/mactwo\/wp-content\/uploads\/2018\/05\/20180208_Bild.jpg 1800w, http:\/\/rgawke.de\/mactwo\/wp-content\/uploads\/2018\/05\/20180208_Bild-300x143.jpg 300w, http:\/\/rgawke.de\/mactwo\/wp-content\/uploads\/2018\/05\/20180208_Bild-768x366.jpg 768w, http:\/\/rgawke.de\/mactwo\/wp-content\/uploads\/2018\/05\/20180208_Bild-1024x488.jpg 1024w\" sizes=\"auto, (max-width: 1800px) 100vw, 1800px\" \/><\/a><\/p>\n<p>Aber auch das geh\u00f6rt zum Fetten Donnerstag am Gleisdreieck in Dillingen&#8230;<\/p>\n<p>Leider konnte ich die After-Stage-Party mit Vanni nicht richtig genie\u00dfen, denn am B\u00fchnenrand nach dem Abbau warten schon Ralf und Patrick vom Trio Tinitus um Richtung Wahlen zu pilgern, wo uns die Damen der dortigen Frauen-Sitzung schon zum n\u00e4chsten Gig erwarten&#8230;<\/p>\n","protected":false},"excerpt":{"rendered":"<p>&#8230; dass der gute alte Karsten Otto mich am Gleisdreieck n\u00e4chsten Fasching alleine stehen l\u00e4\u00dft. Zumindest hat er angek\u00fcndigt, den Ritterorden derer &#8222;zum-Am-Gleisdreieck&#8220; im n\u00e4chsten Jahr aus organisatorischen Gr\u00fcnden nicht mehr beizuwohnen. Ich dachte immer, diese Veranstaltung w\u00fcrde auf Lebzeit uns Dreien geh\u00f6ren, jetzt wo wir das schon im 11ten Jahr beim Dillinger Umzug so &hellip; <a href=\"http:\/\/rgawke.de\/mactwo\/?p=1480\" class=\"more-link\"><span class=\"screen-reader-text\">Dillinger Faasendumzug &#8211; Und das glaub ich erst, wenn ich`s sehe&#8230;<\/span> weiterlesen <span class=\"meta-nav\">&rarr;<\/span><\/a><\/p>\n","protected":false},"author":1,"featured_media":1483,"comment_status":"closed","ping_status":"closed","sticky":false,"template":"","format":"image","meta":{"footnotes":""},"categories":[6],"tags":[],"class_list":["post-1480","post","type-post","status-publish","format-image","has-post-thumbnail","hentry","category-onstage","post_format-post-format-image"],"_links":{"self":[{"href":"http:\/\/rgawke.de\/mactwo\/index.php?rest_route=\/wp\/v2\/posts\/1480","targetHints":{"allow":["GET"]}}],"collection":[{"href":"http:\/\/rgawke.de\/mactwo\/index.php?rest_route=\/wp\/v2\/posts"}],"about":[{"href":"http:\/\/rgawke.de\/mactwo\/index.php?rest_route=\/wp\/v2\/types\/post"}],"author":[{"embeddable":true,"href":"http:\/\/rgawke.de\/mactwo\/index.php?rest_route=\/wp\/v2\/users\/1"}],"replies":[{"embeddable":true,"href":"http:\/\/rgawke.de\/mactwo\/index.php?rest_route=%2Fwp%2Fv2%2Fcomments&post=1480"}],"version-history":[{"count":2,"href":"http:\/\/rgawke.de\/mactwo\/index.php?rest_route=\/wp\/v2\/posts\/1480\/revisions"}],"predecessor-version":[{"id":1516,"href":"http:\/\/rgawke.de\/mactwo\/index.php?rest_route=\/wp\/v2\/posts\/1480\/revisions\/1516"}],"wp:featuredmedia":[{"embeddable":true,"href":"http:\/\/rgawke.de\/mactwo\/index.php?rest_route=\/wp\/v2\/media\/1483"}],"wp:attachment":[{"href":"http:\/\/rgawke.de\/mactwo\/index.php?rest_route=%2Fwp%2Fv2%2Fmedia&parent=1480"}],"wp:term":[{"taxonomy":"category","embeddable":true,"href":"http:\/\/rgawke.de\/mactwo\/index.php?rest_route=%2Fwp%2Fv2%2Fcategories&post=1480"},{"taxonomy":"post_tag","embeddable":true,"href":"http:\/\/rgawke.de\/mactwo\/index.php?rest_route=%2Fwp%2Fv2%2Ftags&post=1480"}],"curies":[{"name":"wp","href":"https:\/\/api.w.org\/{rel}","templated":true}]}}