{"id":1240,"date":"2017-10-18T16:00:21","date_gmt":"2017-10-18T16:00:21","guid":{"rendered":"http:\/\/rgawke.de\/mactwo\/?p=1240"},"modified":"2021-10-21T20:57:37","modified_gmt":"2021-10-21T20:57:37","slug":"jodelgruesse-aus-der-lederhose","status":"publish","type":"post","link":"http:\/\/rgawke.de\/mactwo\/?p=1240","title":{"rendered":"Jodelgr\u00fc\u00dfe zum Oktoberfest?"},"content":{"rendered":"<p>Ja &#8211;\u00a0 irgendwie vermischt sich Bayern in diesen Tage wieder mehr oder weniger mit \u00d6sterreich (und Mallorca&#8230; und K\u00f6ln&#8230; und Lateinamerika&#8230;) und das halbwegs z\u00fcnftig mit Jeans, da ich mich bei meinem Oktoberfest-Outfit auf das Oberhemd beschr\u00e4nkt hab und zum AWO Oktoberfesteinsatz mit Nero dann doch die Jeans an hatte. Daf\u00fcr war mein Anteil am Programm umso bayrischer und ich durfte im Publikum auf zahlreiche Mits\u00e4nger\/innen zur\u00fcckgreifen&#8230;<\/p>\n<p><!--more--><\/p>\n<p>Nat\u00fcrlich werde ich bel\u00e4chelt, wenn ich den ein oder anderen Termin gerne im Kreise von Senioren verbringe, aber ich stehe gerne dazu, dass ich zwar mit Purple und Santana, aber auch mit der Musik meiner Eltern \/ Gro\u00dfeltern gro\u00df geworden bin. Warum also nicht mal mit &#8222;Herz-Schmerz&#8220; ein aufmerksames Publikum vom Sofa rei\u00dfen? Mir macht das Spa\u00df! Es muss ja keiner mitkommen (au\u00dfer vielleicht Nero&#8230;)<br \/>\n<a href=\"http:\/\/rgawke.de\/mactwo\/wp-content\/uploads\/2017\/12\/Beitrag-20171018_Collage.jpg\"><img loading=\"lazy\" decoding=\"async\" class=\"alignnone size-full wp-image-1242\" src=\"http:\/\/rgawke.de\/mactwo\/wp-content\/uploads\/2017\/12\/Beitrag-20171018_Collage.jpg\" alt=\"\" width=\"1800\" height=\"1017\" srcset=\"http:\/\/rgawke.de\/mactwo\/wp-content\/uploads\/2017\/12\/Beitrag-20171018_Collage.jpg 1800w, http:\/\/rgawke.de\/mactwo\/wp-content\/uploads\/2017\/12\/Beitrag-20171018_Collage-300x170.jpg 300w, http:\/\/rgawke.de\/mactwo\/wp-content\/uploads\/2017\/12\/Beitrag-20171018_Collage-768x434.jpg 768w, http:\/\/rgawke.de\/mactwo\/wp-content\/uploads\/2017\/12\/Beitrag-20171018_Collage-1024x579.jpg 1024w\" sizes=\"auto, (max-width: 1800px) 100vw, 1800px\" \/><\/a><\/p>\n<p>(Und au\u00dferdem &#8211; meine erste Santana-LP stammt immerhin aus dem Regal meiner heute fast 80j\u00e4hrigen Mutter!)<br \/>\n<a href=\"http:\/\/rgawke.de\/mactwo\/wp-content\/uploads\/2017\/12\/Beitrag_2017_18_18_Bild2.jpg\"><img loading=\"lazy\" decoding=\"async\" class=\"alignnone size-full wp-image-1241\" src=\"http:\/\/rgawke.de\/mactwo\/wp-content\/uploads\/2017\/12\/Beitrag_2017_18_18_Bild2.jpg\" alt=\"\" width=\"472\" height=\"466\" srcset=\"http:\/\/rgawke.de\/mactwo\/wp-content\/uploads\/2017\/12\/Beitrag_2017_18_18_Bild2.jpg 472w, http:\/\/rgawke.de\/mactwo\/wp-content\/uploads\/2017\/12\/Beitrag_2017_18_18_Bild2-300x296.jpg 300w\" sizes=\"auto, (max-width: 472px) 100vw, 472px\" \/><\/a><\/p>\n<p><em>P.S.: Zur Richtigstellung: der Bayer an sich jodelt nat\u00fcrlich nicht, aber es ist heute ja vollkommen normal, dass in Oktoberfestzeiten die Grenze zwischen Bayern und \u00d6sterreich ein wenig verschwimmt&#8230; Musikalisch verschwimmt da mittlerweile die Grenze gar bis Arenal&#8230;<br \/>\n\ud83d\ude42<br \/>\n<\/em><\/p>\n","protected":false},"excerpt":{"rendered":"<p>Ja &#8211;\u00a0 irgendwie vermischt sich Bayern in diesen Tage wieder mehr oder weniger mit \u00d6sterreich (und Mallorca&#8230; und K\u00f6ln&#8230; und Lateinamerika&#8230;) und das halbwegs z\u00fcnftig mit Jeans, da ich mich bei meinem Oktoberfest-Outfit auf das Oberhemd beschr\u00e4nkt hab und zum AWO Oktoberfesteinsatz mit Nero dann doch die Jeans an hatte. Daf\u00fcr war mein Anteil am &hellip; <a href=\"http:\/\/rgawke.de\/mactwo\/?p=1240\" class=\"more-link\"><span class=\"screen-reader-text\">Jodelgr\u00fc\u00dfe zum Oktoberfest?<\/span> weiterlesen <span class=\"meta-nav\">&rarr;<\/span><\/a><\/p>\n","protected":false},"author":1,"featured_media":1243,"comment_status":"closed","ping_status":"closed","sticky":false,"template":"","format":"image","meta":{"footnotes":""},"categories":[6],"tags":[],"class_list":["post-1240","post","type-post","status-publish","format-image","has-post-thumbnail","hentry","category-onstage","post_format-post-format-image"],"_links":{"self":[{"href":"http:\/\/rgawke.de\/mactwo\/index.php?rest_route=\/wp\/v2\/posts\/1240","targetHints":{"allow":["GET"]}}],"collection":[{"href":"http:\/\/rgawke.de\/mactwo\/index.php?rest_route=\/wp\/v2\/posts"}],"about":[{"href":"http:\/\/rgawke.de\/mactwo\/index.php?rest_route=\/wp\/v2\/types\/post"}],"author":[{"embeddable":true,"href":"http:\/\/rgawke.de\/mactwo\/index.php?rest_route=\/wp\/v2\/users\/1"}],"replies":[{"embeddable":true,"href":"http:\/\/rgawke.de\/mactwo\/index.php?rest_route=%2Fwp%2Fv2%2Fcomments&post=1240"}],"version-history":[{"count":5,"href":"http:\/\/rgawke.de\/mactwo\/index.php?rest_route=\/wp\/v2\/posts\/1240\/revisions"}],"predecessor-version":[{"id":1356,"href":"http:\/\/rgawke.de\/mactwo\/index.php?rest_route=\/wp\/v2\/posts\/1240\/revisions\/1356"}],"wp:featuredmedia":[{"embeddable":true,"href":"http:\/\/rgawke.de\/mactwo\/index.php?rest_route=\/wp\/v2\/media\/1243"}],"wp:attachment":[{"href":"http:\/\/rgawke.de\/mactwo\/index.php?rest_route=%2Fwp%2Fv2%2Fmedia&parent=1240"}],"wp:term":[{"taxonomy":"category","embeddable":true,"href":"http:\/\/rgawke.de\/mactwo\/index.php?rest_route=%2Fwp%2Fv2%2Fcategories&post=1240"},{"taxonomy":"post_tag","embeddable":true,"href":"http:\/\/rgawke.de\/mactwo\/index.php?rest_route=%2Fwp%2Fv2%2Ftags&post=1240"}],"curies":[{"name":"wp","href":"https:\/\/api.w.org\/{rel}","templated":true}]}}