{"id":1202,"date":"2017-09-15T20:00:21","date_gmt":"2017-09-15T20:00:21","guid":{"rendered":"http:\/\/rgawke.de\/mactwo\/?p=1202"},"modified":"2023-03-17T18:00:11","modified_gmt":"2023-03-17T18:00:11","slug":"nous-revival-zur-hochzeit-von-katja-und-alper","status":"publish","type":"post","link":"http:\/\/rgawke.de\/mactwo\/?p=1202","title":{"rendered":"NOUS-Revival zur Hochzeit von Katja und Alper"},"content":{"rendered":"<p>&#8230; wobei leider der gute Herrmann an den Drums gefehlt hat, aber mit Karl, Ralf (auch mit mir bei BlackandWhite) und Salva konnte ich die NOUS einmal mehr wiederbeleben. Es war aber mit der Hochzeitsfeier von Karls Tochter Katja mit meinem Arbeitskollegen Alper ein gegebener Anla\u00df (und erkl\u00e4rt, warum Karl den Kommunionsanzug tr\u00e4gt&#8230;) . Ist ja wohl klar, dass ich da gesprungen kam&#8230;<br \/>\n<!--more--><\/p>\n<p>Und dieses Schloss Saareck in Mettlach ist ja auch eine schnieke Location&#8230;<br \/>\n<a href=\"http:\/\/rgawke.de\/mactwo\/wp-content\/uploads\/2017\/11\/Beitrag_2017_09_15_Bild.jpg\"><img loading=\"lazy\" decoding=\"async\" class=\"alignnone size-full wp-image-1205\" src=\"http:\/\/rgawke.de\/mactwo\/wp-content\/uploads\/2017\/11\/Beitrag_2017_09_15_Bild.jpg\" alt=\"\" width=\"1800\" height=\"1013\" srcset=\"http:\/\/rgawke.de\/mactwo\/wp-content\/uploads\/2017\/11\/Beitrag_2017_09_15_Bild.jpg 1800w, http:\/\/rgawke.de\/mactwo\/wp-content\/uploads\/2017\/11\/Beitrag_2017_09_15_Bild-300x169.jpg 300w, http:\/\/rgawke.de\/mactwo\/wp-content\/uploads\/2017\/11\/Beitrag_2017_09_15_Bild-768x432.jpg 768w, http:\/\/rgawke.de\/mactwo\/wp-content\/uploads\/2017\/11\/Beitrag_2017_09_15_Bild-1024x576.jpg 1024w\" sizes=\"auto, (max-width: 1800px) 100vw, 1800px\" \/><\/a><\/p>\n<p>Zuerst ein gem\u00fctlicher Plausch mit ein paar anderen Arbeitskollegen\/innen\u00a0 und dann in diesem sch\u00f6nen Ambiente ein paar Instumente zum Party-Machen unterbringen. ..<br \/>\n<a href=\"http:\/\/rgawke.de\/mactwo\/wp-content\/uploads\/2017\/11\/Beitrag_2017_09_15_collage.jpg\"><img loading=\"lazy\" decoding=\"async\" class=\"alignnone size-full wp-image-1204\" src=\"http:\/\/rgawke.de\/mactwo\/wp-content\/uploads\/2017\/11\/Beitrag_2017_09_15_collage.jpg\" alt=\"\" width=\"3000\" height=\"1696\" srcset=\"http:\/\/rgawke.de\/mactwo\/wp-content\/uploads\/2017\/11\/Beitrag_2017_09_15_collage.jpg 3000w, http:\/\/rgawke.de\/mactwo\/wp-content\/uploads\/2017\/11\/Beitrag_2017_09_15_collage-300x170.jpg 300w, http:\/\/rgawke.de\/mactwo\/wp-content\/uploads\/2017\/11\/Beitrag_2017_09_15_collage-768x434.jpg 768w, http:\/\/rgawke.de\/mactwo\/wp-content\/uploads\/2017\/11\/Beitrag_2017_09_15_collage-1024x579.jpg 1024w\" sizes=\"auto, (max-width: 3000px) 100vw, 3000px\" \/><\/a><br \/>\nAm Ende konnte Karl dann nicht mehr an sich halten und sich doch wieder hinter die richtige Seite der B\u00fchnenlinie begeben&#8230;<\/p>\n<p><a href=\"http:\/\/rgawke.de\/mactwo\/wp-content\/uploads\/2017\/11\/Beitrag_2017_09_15_Bild2.jpg\"><img loading=\"lazy\" decoding=\"async\" class=\"alignnone size-full wp-image-1206\" src=\"http:\/\/rgawke.de\/mactwo\/wp-content\/uploads\/2017\/11\/Beitrag_2017_09_15_Bild2.jpg\" alt=\"\" width=\"1800\" height=\"1013\" srcset=\"http:\/\/rgawke.de\/mactwo\/wp-content\/uploads\/2017\/11\/Beitrag_2017_09_15_Bild2.jpg 1800w, http:\/\/rgawke.de\/mactwo\/wp-content\/uploads\/2017\/11\/Beitrag_2017_09_15_Bild2-300x169.jpg 300w, http:\/\/rgawke.de\/mactwo\/wp-content\/uploads\/2017\/11\/Beitrag_2017_09_15_Bild2-768x432.jpg 768w, http:\/\/rgawke.de\/mactwo\/wp-content\/uploads\/2017\/11\/Beitrag_2017_09_15_Bild2-1024x576.jpg 1024w\" sizes=\"auto, (max-width: 1800px) 100vw, 1800px\" \/><\/a>Das war mal ein (eher privater und) sch\u00f6ner Abend im Kreise gesch\u00e4tzter Musikkollegen, Arbeitskollegen und eben Kinder von Musikkollegen&#8230;<\/p>\n","protected":false},"excerpt":{"rendered":"<p>&#8230; wobei leider der gute Herrmann an den Drums gefehlt hat, aber mit Karl, Ralf (auch mit mir bei BlackandWhite) und Salva konnte ich die NOUS einmal mehr wiederbeleben. Es war aber mit der Hochzeitsfeier von Karls Tochter Katja mit meinem Arbeitskollegen Alper ein gegebener Anla\u00df (und erkl\u00e4rt, warum Karl den Kommunionsanzug tr\u00e4gt&#8230;) . Ist &hellip; <a href=\"http:\/\/rgawke.de\/mactwo\/?p=1202\" class=\"more-link\"><span class=\"screen-reader-text\">NOUS-Revival zur Hochzeit von Katja und Alper<\/span> weiterlesen <span class=\"meta-nav\">&rarr;<\/span><\/a><\/p>\n","protected":false},"author":1,"featured_media":1203,"comment_status":"closed","ping_status":"closed","sticky":false,"template":"","format":"image","meta":{"footnotes":""},"categories":[6],"tags":[],"class_list":["post-1202","post","type-post","status-publish","format-image","has-post-thumbnail","hentry","category-onstage","post_format-post-format-image"],"_links":{"self":[{"href":"http:\/\/rgawke.de\/mactwo\/index.php?rest_route=\/wp\/v2\/posts\/1202","targetHints":{"allow":["GET"]}}],"collection":[{"href":"http:\/\/rgawke.de\/mactwo\/index.php?rest_route=\/wp\/v2\/posts"}],"about":[{"href":"http:\/\/rgawke.de\/mactwo\/index.php?rest_route=\/wp\/v2\/types\/post"}],"author":[{"embeddable":true,"href":"http:\/\/rgawke.de\/mactwo\/index.php?rest_route=\/wp\/v2\/users\/1"}],"replies":[{"embeddable":true,"href":"http:\/\/rgawke.de\/mactwo\/index.php?rest_route=%2Fwp%2Fv2%2Fcomments&post=1202"}],"version-history":[{"count":2,"href":"http:\/\/rgawke.de\/mactwo\/index.php?rest_route=\/wp\/v2\/posts\/1202\/revisions"}],"predecessor-version":[{"id":2553,"href":"http:\/\/rgawke.de\/mactwo\/index.php?rest_route=\/wp\/v2\/posts\/1202\/revisions\/2553"}],"wp:featuredmedia":[{"embeddable":true,"href":"http:\/\/rgawke.de\/mactwo\/index.php?rest_route=\/wp\/v2\/media\/1203"}],"wp:attachment":[{"href":"http:\/\/rgawke.de\/mactwo\/index.php?rest_route=%2Fwp%2Fv2%2Fmedia&parent=1202"}],"wp:term":[{"taxonomy":"category","embeddable":true,"href":"http:\/\/rgawke.de\/mactwo\/index.php?rest_route=%2Fwp%2Fv2%2Fcategories&post=1202"},{"taxonomy":"post_tag","embeddable":true,"href":"http:\/\/rgawke.de\/mactwo\/index.php?rest_route=%2Fwp%2Fv2%2Ftags&post=1202"}],"curies":[{"name":"wp","href":"https:\/\/api.w.org\/{rel}","templated":true}]}}