{"id":1186,"date":"2017-09-19T14:00:11","date_gmt":"2017-09-19T14:00:11","guid":{"rendered":"http:\/\/rgawke.de\/mactwo\/?p=1186"},"modified":"2021-10-21T20:57:37","modified_gmt":"2021-10-21T20:57:37","slug":"auf-der-buehne","status":"publish","type":"post","link":"http:\/\/rgawke.de\/mactwo\/?p=1186","title":{"rendered":"MaF 3\/5 &#8211; Alles auf einer B\u00fchne&#8230;"},"content":{"rendered":"<p>&#8230; in doppeltem Sinne: ich musikalisch und Andere politisch&#8230;<br \/>\nZu dieser Veranstaltung kam ich mir fast wie ein Parteimitglied vor, verwandelte sich die Musikb\u00fchne in der Saarbr\u00fccker Innenstadt pl\u00f6tzlich zur Politb\u00fchne, wo &#8211; f\u00fcr mich etwas unerwartet &#8211; eine gut besuchte Ansprache von Marilyns prominenter Parteif\u00fchrung stattfand, (Na &#8211; so hab ich jetzt auch mal ein paar Jungs vom Personenschutz des BND pers\u00f6nlich kennengelernt&#8230;) bei der dann auch noch &#8211; mangels vorhandener Beschaller-Firma &#8211; \u00fcber meine kleine HK-Audio Nano600 Twin Anlage der kompletten Europa-Galerie Vorplatz in SB beschallt werden musste&#8230; Diese Situation rief den besorgten Blick auf diesem Bild hervor&#8230;<\/p>\n<p><!--more--><\/p>\n<p>Die Nan600 Anlage ist toll und kr\u00e4ftig &#8211; ein Hoch auf HK &#8211; bin echt zufrieden und die Leistung ist bei meinen Gigs drinnen und draussen stets mehr als ausreichend&#8230; Aber gef\u00fchlte 500 Zuh\u00f6rer auf dem Bahnhofsvorplatz &#8211; das war eine Spitzenleistung, die die Boxen gerade noch so, aber dennoch mit Bravour bew\u00e4ltigt haben&#8230; Dabei lasse ich mal das vom Veranstalter gestellte Einsteigermikro, bei dem kein EQ mehr geholfen hat, au\u00dfen vor&#8230; Meine Sorgen waren aber unberechtigt &#8211; das System konnte laut und verst\u00e4ndlich die inhalte der Redner zum Publikum r\u00fcberbringen&#8230; Da ich aber den Lautst\u00e4rkenregler sicherheitshalber nicht aus der Hand gab, kam ich denn auf den meisten Bildern und Fernseh\u00fcbertragungen mit Herrn L. und Frau W. irgendwie auf\u00b4s Bild&#8230; Dennoch &#8211; diesen Leistungs-Stress m\u00f6chte ich mir und der Anlage nicht noch einmal zumuten m\u00fcssen. Und au\u00dferdem &#8211; wie erkl\u00e4re ich mein Anwesenheit jetzt den kollegen der &#8222;Gegen&#8220;-Partei wie Arno J. oder Reinhold J.?!?\u00a0 \ud83d\ude42<\/p>\n<p><a href=\"http:\/\/rgawke.de\/mactwo\/wp-content\/uploads\/2017\/11\/2017_09_19_collage.jpg\"><img loading=\"lazy\" decoding=\"async\" class=\"alignnone size-full wp-image-1188\" src=\"http:\/\/rgawke.de\/mactwo\/wp-content\/uploads\/2017\/11\/2017_09_19_collage.jpg\" alt=\"\" width=\"3000\" height=\"559\" srcset=\"http:\/\/rgawke.de\/mactwo\/wp-content\/uploads\/2017\/11\/2017_09_19_collage.jpg 3000w, http:\/\/rgawke.de\/mactwo\/wp-content\/uploads\/2017\/11\/2017_09_19_collage-300x56.jpg 300w, http:\/\/rgawke.de\/mactwo\/wp-content\/uploads\/2017\/11\/2017_09_19_collage-768x143.jpg 768w, http:\/\/rgawke.de\/mactwo\/wp-content\/uploads\/2017\/11\/2017_09_19_collage-1024x191.jpg 1024w\" sizes=\"auto, (max-width: 3000px) 100vw, 3000px\" \/><\/a><br \/>\nNaja&#8230; Das war ja auch nicht der Grund meiner Anwesenheit&#8230; Unser Auftritt kam erst nach der Show und realtiv kurz, aber die Resonanz vom (von der Ansprache) \u00fcbriggebliebenem Publikum war sehr positiv&#8230;<\/p>\n<p><em>*2xBild mit freundlicher Freigabe von Marilyn Heib <\/em><br \/>\n<em>https:\/\/www.facebook.com\/DieLINKE.Saar\/<\/em><\/p>\n","protected":false},"excerpt":{"rendered":"<p>&#8230; in doppeltem Sinne: ich musikalisch und Andere politisch&#8230; Zu dieser Veranstaltung kam ich mir fast wie ein Parteimitglied vor, verwandelte sich die Musikb\u00fchne in der Saarbr\u00fccker Innenstadt pl\u00f6tzlich zur Politb\u00fchne, wo &#8211; f\u00fcr mich etwas unerwartet &#8211; eine gut besuchte Ansprache von Marilyns prominenter Parteif\u00fchrung stattfand, (Na &#8211; so hab ich jetzt auch mal &hellip; <a href=\"http:\/\/rgawke.de\/mactwo\/?p=1186\" class=\"more-link\"><span class=\"screen-reader-text\">MaF 3\/5 &#8211; Alles auf einer B\u00fchne&#8230;<\/span> weiterlesen <span class=\"meta-nav\">&rarr;<\/span><\/a><\/p>\n","protected":false},"author":1,"featured_media":1189,"comment_status":"closed","ping_status":"closed","sticky":false,"template":"","format":"image","meta":{"footnotes":""},"categories":[11],"tags":[],"class_list":["post-1186","post","type-post","status-publish","format-image","has-post-thumbnail","hentry","category-jamming-around","post_format-post-format-image"],"_links":{"self":[{"href":"http:\/\/rgawke.de\/mactwo\/index.php?rest_route=\/wp\/v2\/posts\/1186","targetHints":{"allow":["GET"]}}],"collection":[{"href":"http:\/\/rgawke.de\/mactwo\/index.php?rest_route=\/wp\/v2\/posts"}],"about":[{"href":"http:\/\/rgawke.de\/mactwo\/index.php?rest_route=\/wp\/v2\/types\/post"}],"author":[{"embeddable":true,"href":"http:\/\/rgawke.de\/mactwo\/index.php?rest_route=\/wp\/v2\/users\/1"}],"replies":[{"embeddable":true,"href":"http:\/\/rgawke.de\/mactwo\/index.php?rest_route=%2Fwp%2Fv2%2Fcomments&post=1186"}],"version-history":[{"count":7,"href":"http:\/\/rgawke.de\/mactwo\/index.php?rest_route=\/wp\/v2\/posts\/1186\/revisions"}],"predecessor-version":[{"id":1874,"href":"http:\/\/rgawke.de\/mactwo\/index.php?rest_route=\/wp\/v2\/posts\/1186\/revisions\/1874"}],"wp:featuredmedia":[{"embeddable":true,"href":"http:\/\/rgawke.de\/mactwo\/index.php?rest_route=\/wp\/v2\/media\/1189"}],"wp:attachment":[{"href":"http:\/\/rgawke.de\/mactwo\/index.php?rest_route=%2Fwp%2Fv2%2Fmedia&parent=1186"}],"wp:term":[{"taxonomy":"category","embeddable":true,"href":"http:\/\/rgawke.de\/mactwo\/index.php?rest_route=%2Fwp%2Fv2%2Fcategories&post=1186"},{"taxonomy":"post_tag","embeddable":true,"href":"http:\/\/rgawke.de\/mactwo\/index.php?rest_route=%2Fwp%2Fv2%2Ftags&post=1186"}],"curies":[{"name":"wp","href":"https:\/\/api.w.org\/{rel}","templated":true}]}}