{"id":1118,"date":"2017-08-13T16:00:46","date_gmt":"2017-08-13T16:00:46","guid":{"rendered":"http:\/\/rgawke.de\/mactwo\/?p=1118"},"modified":"2021-10-21T20:57:37","modified_gmt":"2021-10-21T20:57:37","slug":"then-they-were-four","status":"publish","type":"post","link":"http:\/\/rgawke.de\/mactwo\/?p=1118","title":{"rendered":"&#8230; then they were four&#8230;"},"content":{"rendered":"<p>Der Hammer&#8230; Da hab ich gerade erst neulich Gerhard wiedergesehen, und schon stehen wir nach Jahren auch gleich wieder zusammen auf der B\u00fchne. Hintergrund war, dass ein Duo-Gig auf einer Kirmes anstand, wo die Schausteller \u00f6rtlich bedingt massiv gegengel\u00e4rmen. Da riefen Giovanni und ich mal schnell die alten Weggef\u00e4hrten Mirek am Bass und Gerhard an der Gitarre mit Anhang dazu und wenn Frank mit seinen Drums auch noch h\u00e4tte ad hok kommen k\u00f6nnen, w\u00e4re die alte GC-Band fast wieder komplett gewesen&#8230;<br \/>\n<!--more-->So aber durfte ich mich dann mit meinen selbst erstellen Drum-Pattern vom BK-9 beweisen, was aber 1a geklappt hat. Speziell Pattern &#8222;13&#8220; kam gleich mehrfach mit seinen Breaks, Fill ins und Human Shuffle zum Einsatz und extrem life-haftig r\u00fcber. Aber das ist hier nur Mac-Latein&#8230;<\/p>\n<p>Da die Kirmes mitten im Ort stattfand, hat der Veranstalter kurzerhand die Empore am Eingang zum \u00f6rtlichen Edeka-Markt zur B\u00fchne ernannt. Was der Edeka Konzern f\u00fcr diese Werbung wohl wieder bezahlen musste&#8230; \ud83d\ude42<\/p>\n<p>Nach vielen gemeinsamen Gigs waren wir vier in nullkommanix wieder als eingespieltes Team am Start. Die Verst\u00e4rkung tat gut, denn die Schausteller hatten wirklich an jedem Fahrgesch\u00e4ft die Donner-Lautsprecher mit jeweils anderer Musik am Start und wir mussten ganz sch\u00f6n aufdrehen, um \u00fcberhaupt einen Akzent setzen zu k\u00f6nnen.<\/p>\n<p>Die Bilder sollten aber zeigen, dass vor und nicht zuletzt auf der B\u00fchne extrem gute Stimmung herrschte&#8230;<br \/>\n<a href=\"http:\/\/rgawke.de\/mactwo\/wp-content\/uploads\/2017\/10\/Beitrag-20170813_Collage.jpg\"><img loading=\"lazy\" decoding=\"async\" class=\"alignnone size-full wp-image-1119\" src=\"http:\/\/rgawke.de\/mactwo\/wp-content\/uploads\/2017\/10\/Beitrag-20170813_Collage.jpg\" alt=\"\" width=\"3000\" height=\"3687\" srcset=\"http:\/\/rgawke.de\/mactwo\/wp-content\/uploads\/2017\/10\/Beitrag-20170813_Collage.jpg 3000w, http:\/\/rgawke.de\/mactwo\/wp-content\/uploads\/2017\/10\/Beitrag-20170813_Collage-244x300.jpg 244w, http:\/\/rgawke.de\/mactwo\/wp-content\/uploads\/2017\/10\/Beitrag-20170813_Collage-768x944.jpg 768w, http:\/\/rgawke.de\/mactwo\/wp-content\/uploads\/2017\/10\/Beitrag-20170813_Collage-833x1024.jpg 833w\" sizes=\"auto, (max-width: 3000px) 100vw, 3000px\" \/><\/a><\/p>\n<p>Jedenfalls hat der Veranstalter hier mit &#8222;4 statt 2&#8220; nen guten Deal gemacht&#8230; Das Programm wurde dadurch auch etwas breiter und rockiger, was den Italo- und Kirmesparty-Hits keinen Abbruch tat&#8230;<\/p>\n<p>&nbsp;<\/p>\n","protected":false},"excerpt":{"rendered":"<p>Der Hammer&#8230; Da hab ich gerade erst neulich Gerhard wiedergesehen, und schon stehen wir nach Jahren auch gleich wieder zusammen auf der B\u00fchne. Hintergrund war, dass ein Duo-Gig auf einer Kirmes anstand, wo die Schausteller \u00f6rtlich bedingt massiv gegengel\u00e4rmen. Da riefen Giovanni und ich mal schnell die alten Weggef\u00e4hrten Mirek am Bass und Gerhard an &hellip; <a href=\"http:\/\/rgawke.de\/mactwo\/?p=1118\" class=\"more-link\"><span class=\"screen-reader-text\">&#8230; then they were four&#8230;<\/span> weiterlesen <span class=\"meta-nav\">&rarr;<\/span><\/a><\/p>\n","protected":false},"author":1,"featured_media":1120,"comment_status":"closed","ping_status":"closed","sticky":false,"template":"","format":"image","meta":{"footnotes":""},"categories":[6],"tags":[],"class_list":["post-1118","post","type-post","status-publish","format-image","has-post-thumbnail","hentry","category-onstage","post_format-post-format-image"],"_links":{"self":[{"href":"http:\/\/rgawke.de\/mactwo\/index.php?rest_route=\/wp\/v2\/posts\/1118","targetHints":{"allow":["GET"]}}],"collection":[{"href":"http:\/\/rgawke.de\/mactwo\/index.php?rest_route=\/wp\/v2\/posts"}],"about":[{"href":"http:\/\/rgawke.de\/mactwo\/index.php?rest_route=\/wp\/v2\/types\/post"}],"author":[{"embeddable":true,"href":"http:\/\/rgawke.de\/mactwo\/index.php?rest_route=\/wp\/v2\/users\/1"}],"replies":[{"embeddable":true,"href":"http:\/\/rgawke.de\/mactwo\/index.php?rest_route=%2Fwp%2Fv2%2Fcomments&post=1118"}],"version-history":[{"count":1,"href":"http:\/\/rgawke.de\/mactwo\/index.php?rest_route=\/wp\/v2\/posts\/1118\/revisions"}],"predecessor-version":[{"id":1121,"href":"http:\/\/rgawke.de\/mactwo\/index.php?rest_route=\/wp\/v2\/posts\/1118\/revisions\/1121"}],"wp:featuredmedia":[{"embeddable":true,"href":"http:\/\/rgawke.de\/mactwo\/index.php?rest_route=\/wp\/v2\/media\/1120"}],"wp:attachment":[{"href":"http:\/\/rgawke.de\/mactwo\/index.php?rest_route=%2Fwp%2Fv2%2Fmedia&parent=1118"}],"wp:term":[{"taxonomy":"category","embeddable":true,"href":"http:\/\/rgawke.de\/mactwo\/index.php?rest_route=%2Fwp%2Fv2%2Fcategories&post=1118"},{"taxonomy":"post_tag","embeddable":true,"href":"http:\/\/rgawke.de\/mactwo\/index.php?rest_route=%2Fwp%2Fv2%2Ftags&post=1118"}],"curies":[{"name":"wp","href":"https:\/\/api.w.org\/{rel}","templated":true}]}}